{"id":15225,"date":"2025-06-25T12:10:52","date_gmt":"2025-06-25T10:10:52","guid":{"rendered":"https:\/\/www.brrs-rechtsanwaelte.de\/?p=15225"},"modified":"2025-06-25T12:11:52","modified_gmt":"2025-06-25T10:11:52","slug":"auszeichnung-fuer-joachim-buettner-im-rahmen-von-deutschlands-beste-anwaelte-2025","status":"publish","type":"post","link":"https:\/\/www.brrs-rechtsanwaelte.de\/de\/2025\/06\/25\/auszeichnung-fuer-joachim-buettner-im-rahmen-von-deutschlands-beste-anwaelte-2025\/","title":{"rendered":"Auszeichnung f\u00fcr Joachim B\u00fcttner im Rahmen von \u201eDeutschlands beste Anw\u00e4lte 2025\u201c"},"content":{"rendered":"<section class=\"l-section wpb_row height_medium\"><div class=\"l-section-h i-cf\"><div class=\"g-cols vc_row via_flex valign_top type_default stacking_default\"><div class=\"vc_col-sm-12 wpb_column vc_column_container\"><div class=\"vc_column-inner\"><div class=\"wpb_wrapper\"><div class=\"wpb_text_column\"><div class=\"wpb_wrapper\"><h2>Joachim B\u00fcttner wurde im aktuellen Ranking \u201eDeutschlands beste Anw\u00e4lte 2025\u201c durch das Handelsblatt in Kooperation mit Best Lawyers in der Kategorie Restrukturierung und Insolvenzrecht erneut ausgezeichnet.<\/h2>\n<p>Hier geht es zum vollst\u00e4ndigen Ranking des Handelsblatts:<\/p>\n<p><a href=\"https:\/\/www.handelsblatt.com\/unternehmen\/dienstleister\/best-lawyers-das-sind-deutschlands-beste-anwaelte-des-jahres-2025\/100128841.html\">https:\/\/www.handelsblatt.com\/<\/a><\/p>\n<\/div><\/div><\/div><\/div><\/div><\/div><\/div><\/section>\n","protected":false},"excerpt":{"rendered":"Joachim B\u00fcttner wurde im aktuellen Ranking \u201eDeutschlands beste Anw\u00e4lte 2025\u201c durch das Handelsblatt in Kooperation mit Best Lawyers in der Kategorie Restrukturierung und Insolvenzrecht erneut ausgezeichnet. Hier geht es zum vollst\u00e4ndigen Ranking des Handelsblatts: https:\/\/www.handelsblatt.com\/","protected":false},"author":2,"featured_media":15226,"comment_status":"closed","ping_status":"closed","sticky":false,"template":"","format":"standard","meta":{"_acf_changed":false,"footnotes":""},"categories":[34],"tags":[],"class_list":["post-15225","post","type-post","status-publish","format-standard","has-post-thumbnail","hentry","category-hamburg"],"acf":[],"yoast_head":"<!-- This site is optimized with the Yoast SEO plugin v27.4 - https:\/\/yoast.com\/product\/yoast-seo-wordpress\/ -->\n<title>Auszeichnung Joachim B\u00fcttner: Deutschlands beste Anw\u00e4lte 2025<\/title>\n<meta name=\"description\" content=\"Joachim B\u00fcttner wurde im Ranking \u201eDeutschlands beste Anw\u00e4lte 2025\u201c in der Kategorie Restrukturierung und Insolvenzrecht ausgezeichnet.\" \/>\n<meta name=\"robots\" content=\"index, follow, max-snippet:-1, max-image-preview:large, max-video-preview:-1\" \/>\n<link rel=\"canonical\" href=\"https:\/\/www.brrs-rechtsanwaelte.de\/de\/2025\/06\/25\/auszeichnung-fuer-joachim-buettner-im-rahmen-von-deutschlands-beste-anwaelte-2025\/\" \/>\n<meta property=\"og:locale\" content=\"de_DE\" \/>\n<meta property=\"og:type\" content=\"article\" \/>\n<meta property=\"og:title\" content=\"Auszeichnung Joachim B\u00fcttner: Deutschlands beste Anw\u00e4lte 2025\" \/>\n<meta property=\"og:description\" content=\"Joachim B\u00fcttner wurde im Ranking \u201eDeutschlands beste Anw\u00e4lte 2025\u201c in der Kategorie Restrukturierung und Insolvenzrecht ausgezeichnet.\" \/>\n<meta property=\"og:url\" content=\"https:\/\/www.brrs-rechtsanwaelte.de\/de\/2025\/06\/25\/auszeichnung-fuer-joachim-buettner-im-rahmen-von-deutschlands-beste-anwaelte-2025\/\" \/>\n<meta property=\"og:site_name\" content=\"BRRS Rechtsanw\u00e4lte \u2013 Insolvenzverwaltung \/ Restrukturierung\" \/>\n<meta property=\"article:published_time\" content=\"2025-06-25T10:10:52+00:00\" \/>\n<meta property=\"article:modified_time\" content=\"2025-06-25T10:11:52+00:00\" \/>\n<meta property=\"og:image\" content=\"https:\/\/www.brrs-rechtsanwaelte.de\/wp-content\/uploads\/2025\/06\/header-handelsblatt03-scaled-1.jpg\" \/>\n\t<meta property=\"og:image:width\" content=\"2560\" \/>\n\t<meta property=\"og:image:height\" content=\"1280\" \/>\n\t<meta property=\"og:image:type\" content=\"image\/jpeg\" \/>\n<meta name=\"author\" content=\"Thomas Baumhoff\" \/>\n<meta name=\"twitter:card\" content=\"summary_large_image\" \/>\n<meta name=\"twitter:label1\" content=\"Verfasst von\" \/>\n\t<meta name=\"twitter:data1\" content=\"Thomas Baumhoff\" \/>\n\t<meta name=\"twitter:label2\" content=\"Gesch\u00e4tzte Lesezeit\" \/>\n\t<meta name=\"twitter:data2\" content=\"1\u00a0Minute\" \/>\n<!-- \/ Yoast SEO plugin. -->","yoast_head_json":{"title":"Auszeichnung Joachim B\u00fcttner: Deutschlands beste Anw\u00e4lte 2025","description":"Joachim B\u00fcttner wurde im Ranking \u201eDeutschlands beste Anw\u00e4lte 2025\u201c in der Kategorie Restrukturierung und Insolvenzrecht ausgezeichnet.","robots":{"index":"index","follow":"follow","max-snippet":"max-snippet:-1","max-image-preview":"max-image-preview:large","max-video-preview":"max-video-preview:-1"},"canonical":"https:\/\/www.brrs-rechtsanwaelte.de\/de\/2025\/06\/25\/auszeichnung-fuer-joachim-buettner-im-rahmen-von-deutschlands-beste-anwaelte-2025\/","og_locale":"de_DE","og_type":"article","og_title":"Auszeichnung Joachim B\u00fcttner: Deutschlands beste Anw\u00e4lte 2025","og_description":"Joachim B\u00fcttner wurde im Ranking \u201eDeutschlands beste Anw\u00e4lte 2025\u201c in der Kategorie Restrukturierung und Insolvenzrecht ausgezeichnet.","og_url":"https:\/\/www.brrs-rechtsanwaelte.de\/de\/2025\/06\/25\/auszeichnung-fuer-joachim-buettner-im-rahmen-von-deutschlands-beste-anwaelte-2025\/","og_site_name":"BRRS Rechtsanw\u00e4lte \u2013 Insolvenzverwaltung \/ Restrukturierung","article_published_time":"2025-06-25T10:10:52+00:00","article_modified_time":"2025-06-25T10:11:52+00:00","og_image":[{"width":2560,"height":1280,"url":"https:\/\/www.brrs-rechtsanwaelte.de\/wp-content\/uploads\/2025\/06\/header-handelsblatt03-scaled-1.jpg","type":"image\/jpeg"}],"author":"Thomas Baumhoff","twitter_card":"summary_large_image","twitter_misc":{"Verfasst von":"Thomas Baumhoff","Gesch\u00e4tzte Lesezeit":"1\u00a0Minute"},"schema":{"@context":"https:\/\/schema.org","@graph":[{"@type":"Article","@id":"https:\/\/www.brrs-rechtsanwaelte.de\/de\/2025\/06\/25\/auszeichnung-fuer-joachim-buettner-im-rahmen-von-deutschlands-beste-anwaelte-2025\/#article","isPartOf":{"@id":"https:\/\/www.brrs-rechtsanwaelte.de\/de\/2025\/06\/25\/auszeichnung-fuer-joachim-buettner-im-rahmen-von-deutschlands-beste-anwaelte-2025\/"},"author":{"name":"Thomas Baumhoff","@id":"https:\/\/www.brrs-rechtsanwaelte.de\/de\/#\/schema\/person\/f3216c8fa158a32bf2d76ecd1516e7f4"},"headline":"Auszeichnung f\u00fcr Joachim B\u00fcttner im Rahmen von \u201eDeutschlands beste Anw\u00e4lte 2025\u201c","datePublished":"2025-06-25T10:10:52+00:00","dateModified":"2025-06-25T10:11:52+00:00","mainEntityOfPage":{"@id":"https:\/\/www.brrs-rechtsanwaelte.de\/de\/2025\/06\/25\/auszeichnung-fuer-joachim-buettner-im-rahmen-von-deutschlands-beste-anwaelte-2025\/"},"wordCount":67,"publisher":{"@id":"https:\/\/www.brrs-rechtsanwaelte.de\/de\/#organization"},"image":{"@id":"https:\/\/www.brrs-rechtsanwaelte.de\/de\/2025\/06\/25\/auszeichnung-fuer-joachim-buettner-im-rahmen-von-deutschlands-beste-anwaelte-2025\/#primaryimage"},"thumbnailUrl":"https:\/\/www.brrs-rechtsanwaelte.de\/wp-content\/uploads\/2025\/06\/header-handelsblatt03-scaled-1.jpg","articleSection":["Hamburg"],"inLanguage":"de"},{"@type":"WebPage","@id":"https:\/\/www.brrs-rechtsanwaelte.de\/de\/2025\/06\/25\/auszeichnung-fuer-joachim-buettner-im-rahmen-von-deutschlands-beste-anwaelte-2025\/","url":"https:\/\/www.brrs-rechtsanwaelte.de\/de\/2025\/06\/25\/auszeichnung-fuer-joachim-buettner-im-rahmen-von-deutschlands-beste-anwaelte-2025\/","name":"Auszeichnung Joachim B\u00fcttner: Deutschlands beste Anw\u00e4lte 2025","isPartOf":{"@id":"https:\/\/www.brrs-rechtsanwaelte.de\/de\/#website"},"primaryImageOfPage":{"@id":"https:\/\/www.brrs-rechtsanwaelte.de\/de\/2025\/06\/25\/auszeichnung-fuer-joachim-buettner-im-rahmen-von-deutschlands-beste-anwaelte-2025\/#primaryimage"},"image":{"@id":"https:\/\/www.brrs-rechtsanwaelte.de\/de\/2025\/06\/25\/auszeichnung-fuer-joachim-buettner-im-rahmen-von-deutschlands-beste-anwaelte-2025\/#primaryimage"},"thumbnailUrl":"https:\/\/www.brrs-rechtsanwaelte.de\/wp-content\/uploads\/2025\/06\/header-handelsblatt03-scaled-1.jpg","datePublished":"2025-06-25T10:10:52+00:00","dateModified":"2025-06-25T10:11:52+00:00","description":"Joachim B\u00fcttner wurde im Ranking \u201eDeutschlands beste Anw\u00e4lte 2025\u201c in der Kategorie Restrukturierung und Insolvenzrecht ausgezeichnet.","breadcrumb":{"@id":"https:\/\/www.brrs-rechtsanwaelte.de\/de\/2025\/06\/25\/auszeichnung-fuer-joachim-buettner-im-rahmen-von-deutschlands-beste-anwaelte-2025\/#breadcrumb"},"inLanguage":"de","potentialAction":[{"@type":"ReadAction","target":["https:\/\/www.brrs-rechtsanwaelte.de\/de\/2025\/06\/25\/auszeichnung-fuer-joachim-buettner-im-rahmen-von-deutschlands-beste-anwaelte-2025\/"]}]},{"@type":"ImageObject","inLanguage":"de","@id":"https:\/\/www.brrs-rechtsanwaelte.de\/de\/2025\/06\/25\/auszeichnung-fuer-joachim-buettner-im-rahmen-von-deutschlands-beste-anwaelte-2025\/#primaryimage","url":"https:\/\/www.brrs-rechtsanwaelte.de\/wp-content\/uploads\/2025\/06\/header-handelsblatt03-scaled-1.jpg","contentUrl":"https:\/\/www.brrs-rechtsanwaelte.de\/wp-content\/uploads\/2025\/06\/header-handelsblatt03-scaled-1.jpg","width":2560,"height":1280},{"@type":"BreadcrumbList","@id":"https:\/\/www.brrs-rechtsanwaelte.de\/de\/2025\/06\/25\/auszeichnung-fuer-joachim-buettner-im-rahmen-von-deutschlands-beste-anwaelte-2025\/#breadcrumb","itemListElement":[{"@type":"ListItem","position":1,"name":"Startseite","item":"https:\/\/www.brrs-rechtsanwaelte.de\/de\/"},{"@type":"ListItem","position":2,"name":"Auszeichnung f\u00fcr Joachim B\u00fcttner im Rahmen von \u201eDeutschlands beste Anw\u00e4lte 2025\u201c"}]},{"@type":"WebSite","@id":"https:\/\/www.brrs-rechtsanwaelte.de\/de\/#website","url":"https:\/\/www.brrs-rechtsanwaelte.de\/de\/","name":"BRRS Rechtsanw\u00e4lte \u2013 Insolvenzverwaltung \/ Restrukturierung","description":"von BRRS Rechtsanw\u00e4lte","publisher":{"@id":"https:\/\/www.brrs-rechtsanwaelte.de\/de\/#organization"},"potentialAction":[{"@type":"SearchAction","target":{"@type":"EntryPoint","urlTemplate":"https:\/\/www.brrs-rechtsanwaelte.de\/de\/?s={search_term_string}"},"query-input":{"@type":"PropertyValueSpecification","valueRequired":true,"valueName":"search_term_string"}}],"inLanguage":"de"},{"@type":"Organization","@id":"https:\/\/www.brrs-rechtsanwaelte.de\/de\/#organization","name":"BRRS Rechtsanw\u00e4lte","url":"https:\/\/www.brrs-rechtsanwaelte.de\/de\/","logo":{"@type":"ImageObject","inLanguage":"de","@id":"https:\/\/www.brrs-rechtsanwaelte.de\/de\/#\/schema\/logo\/image\/","url":"https:\/\/www.brrs-rechtsanwaelte.de\/wp-content\/uploads\/2021\/07\/logo-brrs.png","contentUrl":"https:\/\/www.brrs-rechtsanwaelte.de\/wp-content\/uploads\/2021\/07\/logo-brrs.png","width":474,"height":174,"caption":"BRRS Rechtsanw\u00e4lte"},"image":{"@id":"https:\/\/www.brrs-rechtsanwaelte.de\/de\/#\/schema\/logo\/image\/"}},{"@type":"Person","@id":"https:\/\/www.brrs-rechtsanwaelte.de\/de\/#\/schema\/person\/f3216c8fa158a32bf2d76ecd1516e7f4","name":"Thomas Baumhoff","image":{"@type":"ImageObject","inLanguage":"de","@id":"https:\/\/secure.gravatar.com\/avatar\/140776282acd6b512c188d9c87b3fe7fc2e3f2fffe8273528237b7a6fd6160ee?s=96&d=mm&r=g","url":"https:\/\/secure.gravatar.com\/avatar\/140776282acd6b512c188d9c87b3fe7fc2e3f2fffe8273528237b7a6fd6160ee?s=96&d=mm&r=g","contentUrl":"https:\/\/secure.gravatar.com\/avatar\/140776282acd6b512c188d9c87b3fe7fc2e3f2fffe8273528237b7a6fd6160ee?s=96&d=mm&r=g","caption":"Thomas Baumhoff"},"sameAs":["http:\/\/www.lobo-design.com"]}]}},"_links":{"self":[{"href":"https:\/\/www.brrs-rechtsanwaelte.de\/de\/wp-json\/wp\/v2\/posts\/15225","targetHints":{"allow":["GET"]}}],"collection":[{"href":"https:\/\/www.brrs-rechtsanwaelte.de\/de\/wp-json\/wp\/v2\/posts"}],"about":[{"href":"https:\/\/www.brrs-rechtsanwaelte.de\/de\/wp-json\/wp\/v2\/types\/post"}],"author":[{"embeddable":true,"href":"https:\/\/www.brrs-rechtsanwaelte.de\/de\/wp-json\/wp\/v2\/users\/2"}],"replies":[{"embeddable":true,"href":"https:\/\/www.brrs-rechtsanwaelte.de\/de\/wp-json\/wp\/v2\/comments?post=15225"}],"version-history":[{"count":3,"href":"https:\/\/www.brrs-rechtsanwaelte.de\/de\/wp-json\/wp\/v2\/posts\/15225\/revisions"}],"predecessor-version":[{"id":15230,"href":"https:\/\/www.brrs-rechtsanwaelte.de\/de\/wp-json\/wp\/v2\/posts\/15225\/revisions\/15230"}],"wp:featuredmedia":[{"embeddable":true,"href":"https:\/\/www.brrs-rechtsanwaelte.de\/de\/wp-json\/wp\/v2\/media\/15226"}],"wp:attachment":[{"href":"https:\/\/www.brrs-rechtsanwaelte.de\/de\/wp-json\/wp\/v2\/media?parent=15225"}],"wp:term":[{"taxonomy":"category","embeddable":true,"href":"https:\/\/www.brrs-rechtsanwaelte.de\/de\/wp-json\/wp\/v2\/categories?post=15225"},{"taxonomy":"post_tag","embeddable":true,"href":"https:\/\/www.brrs-rechtsanwaelte.de\/de\/wp-json\/wp\/v2\/tags?post=15225"}],"curies":[{"name":"wp","href":"https:\/\/api.w.org\/{rel}","templated":true}]}}